{"id":1776,"date":"2021-05-05T14:57:00","date_gmt":"2021-05-05T14:57:00","guid":{"rendered":"http:\/\/revistaestrabismos.com\/?p=1776"},"modified":"2024-05-09T15:13:06","modified_gmt":"2024-05-09T15:13:06","slug":"equipo-editorial","status":"publish","type":"post","link":"https:\/\/revistaextrabismos.com\/index.php\/2021\/05\/05\/equipo-editorial\/","title":{"rendered":"Editorial Ex"},"content":{"rendered":"\t\t<div data-elementor-type=\"wp-post\" data-elementor-id=\"1776\" class=\"elementor elementor-1776\">\n\t\t\t\t\t\t<section class=\"elementor-section elementor-top-section elementor-element elementor-element-83e29cf elementor-section-boxed elementor-section-height-default elementor-section-height-default\" data-id=\"83e29cf\" data-element_type=\"section\">\n\t\t\t\t\t\t<div class=\"elementor-container elementor-column-gap-default\">\n\t\t\t\t\t<div class=\"elementor-column elementor-col-100 elementor-top-column elementor-element elementor-element-a05ec8a\" data-id=\"a05ec8a\" data-element_type=\"column\">\n\t\t\t<div class=\"elementor-widget-wrap elementor-element-populated\">\n\t\t\t\t\t\t<div class=\"elementor-element elementor-element-a07986c elementor-widget elementor-widget-text-editor\" data-id=\"a07986c\" data-element_type=\"widget\" data-widget_type=\"text-editor.default\">\n\t\t\t\t<div class=\"elementor-widget-container\">\n\t\t\t\t\t\t\t\t\t<p><b><i>Revista ExtrAbismos<\/i><\/b> se presenta como una plataforma de visibilizaci\u00f3n de las artes latinoamericanas contempor\u00e1neas, con el prop\u00f3sito de generar lecturas interdisciplinarias entre distintas expresiones escriturales, visuales, audiovisuales, perform\u00e1ticas, entre otras. Asimismo, pretende desarrollar una reflexi\u00f3n cr\u00edtica sobre diversas pr\u00e1cticas disruptivas\u00a0 del arte contempor\u00e1neo, as\u00ed como de los procesos de producci\u00f3n, circulaci\u00f3n y recepci\u00f3n de sus obras, observando nuevas identidades y sensibilidades que emergen desde aquellos objetos y experiencias est\u00e9ticas.<\/p>\n<p>\u00a0<\/p>\n<p><b><i>ExtrAbismos <\/i><\/b>descompone su nombre en el prefijo <i>extra<\/i> y en la palabra <i>abismos<\/i> con el prop\u00f3sito de recoger aquello que est\u00e1 fuera o en los bordes de los que convencionalmente es considerado como arte y literatura, enfatizando en aquellas expresiones que se plantean desde lo interdisciplinario y lo multimedial. Por otra parte, entendemos los <i>abismos<\/i> como el riesgo creativo que asumen dichas expresiones, as\u00ed como nuestro propio v\u00e9rtigo al aproximarnos a ellas.<\/p>\n<p>En el nombre de nuestra revista resuena la <b>mirada extraviada,<\/b> que hace alusi\u00f3n al ojo que pierde el rumbo y multiplica los puntos de vista a partir de su encuentro con otras est\u00e9ticas. <\/p>\n<p>Esta concepci\u00f3n de la mirada se materializa en los nombres de cada una de las secciones. De este modo, la secci\u00f3n <b>Entre\/vistas <\/b>nos enfocamos en profundizar en la trayectoria de artistas y escritores. En\u00a0 <b>MIRADA OBLICUA\u00a0<\/b>pretendemos desarrollar una cr\u00edtica sobre diversas producciones literarias. Por otra parte, en <b>Ac\u00fasticas del ojo <\/b>tematizamos propuestas con soportes audiovisuales, experimentales y multimediales, mientras que en <b>Ojo de pez <\/b>nos interesa visibilizar fotograf\u00eda, pintura y escultura. Finalmente, en <b>Pan\u00f3pticos <\/b>abrimos un espacio reflexivo que acoge\u00a0 distintos posicionamientos en la modalidad de ensayo.\u00a0<\/p>\n<p>Les invitamos a extraviarse con nuestra revista.\u00a0<\/p>\t\t\t\t\t\t\t\t<\/div>\n\t\t\t\t<\/div>\n\t\t\t\t\t<\/div>\n\t\t<\/div>\n\t\t\t\t\t<\/div>\n\t\t<\/section>\n\t\t\t\t<section class=\"elementor-section elementor-top-section elementor-element elementor-element-89b1fca elementor-section-boxed elementor-section-height-default elementor-section-height-default\" data-id=\"89b1fca\" data-element_type=\"section\">\n\t\t\t\t\t\t<div class=\"elementor-container elementor-column-gap-default\">\n\t\t\t\t\t<div class=\"elementor-column elementor-col-100 elementor-top-column elementor-element elementor-element-2f7c7cc\" data-id=\"2f7c7cc\" data-element_type=\"column\">\n\t\t\t<div class=\"elementor-widget-wrap elementor-element-populated\">\n\t\t\t\t\t\t<div class=\"elementor-element elementor-element-f6ba7af elementor-widget elementor-widget-text-editor\" data-id=\"f6ba7af\" data-element_type=\"widget\" data-widget_type=\"text-editor.default\">\n\t\t\t\t<div class=\"elementor-widget-container\">\n\t\t\t\t\t\t\t\t\t<h1><strong><img fetchpriority=\"high\" decoding=\"async\" src=\"https:\/\/revistaextrabismos.com\/wp-content\/uploads\/2021\/08\/image0-300x226.jpeg\" alt=\"\" width=\"300\" height=\"226\" \/><\/strong><\/h1>\n<p><strong>Camila Albertazzo<\/strong>\u00a0( La serena, 1987) Profesora de Castellano y Filosof\u00eda, de la Universidad de La serena; Mag\u00edster en literatura latinoamericana por la universidad Alberto Hurtado en Santiago. Ha publicado la tesis \u201cdesacralizaci\u00f3n descolonizante del imaginario religioso occidental en dos libros de poes\u00eda traducida de Roxana Miranda \u00a0Rupailaf \u00a0y Odi Gonzales\u201d, tesis que ha sido desarrollada dentro del Proyecto de Investigaci\u00f3n Fondecyt Regular N\u00ba 1150904, \u00abPost-narrativas de la violencia: representaciones y desplazamientos de la memoria y la ficci\u00f3n en la literatura peruana (2000-2015)\u00bb. Co-editora y cr\u00edtica literaria de la Revista de poes\u00eda latinoamericana \u201cLa primera V\u00e9rtebra\u201d.<\/p>\n<h1><strong><img decoding=\"async\" src=\"https:\/\/revistaextrabismos.com\/wp-content\/uploads\/2021\/07\/Karo5x5-300x300.jpg\" alt=\"\" width=\"300\" height=\"300\" \/><\/strong><\/h1>\n<p><strong>Karo Castro<\/strong> (Santiago, 1982). Poeta, psicopedagoga y licenciada en Educaci\u00f3n. Es autora del libro de poes\u00eda <em>La mujer gallina<\/em> ( Ediciones Balmaceda, Santiago, 2016). Ha sido antologada en <em>Mujeres de Pu\u00f1o y Letra<\/em> (Cuarto Propio, Santiago, 2018), <em>P\u00e1nico y Locura en Santiago<\/em> (Santiago Ander, Santiago, 2017) y numerosas compilaciones digitales. Su trabajo incorpora tambi\u00e9n intervenciones, fotograf\u00eda, collage y performance.<\/p>\n<h1><strong><img decoding=\"async\" src=\"https:\/\/revistaextrabismos.com\/wp-content\/uploads\/2021\/07\/Rafael5x5-300x300.jpg\" alt=\"\" width=\"300\" height=\"300\" \/><\/strong><\/h1>\n<p><strong>Rafael Far\u00edas Becerra<\/strong> (Santiago, 1982). Poeta, ensayista y editor. Ha publicado los libros de poes\u00eda <em>Demos<\/em> (2011),\u00a0<em>La c\u00e9lula inhabitable<\/em> (2013),\u00a0<em>Los paisajes de la crisis o la crisis de los paisajes <\/em>(2022). Ha sido gestor de revistas como Ling\u00fca Quiltra (Usach), Resonancias. Revista de Filosof\u00eda (U. Chile) y Editorial Desbordes. Es Mag\u00edster y Doctor en Filosof\u00eda (Universidad de Chile), desarrollando su investigaci\u00f3n doctoral en la Universidad de Barcelona y en la Universidad Par\u00eds 8, Vincennes Saint-Denis.\u00a0 Asimismo, ha sido director del Movimiento Social Playa Hermosa, en defensa del borde costero (Pichilemu). Actualmente, es acad\u00e9mico asociado de la Universidad Mayor.<\/p>\n<h1><strong><img loading=\"lazy\" decoding=\"async\" src=\"https:\/\/revistaextrabismos.com\/wp-content\/uploads\/2021\/07\/CN01-300x300.jpg\" alt=\"\" width=\"300\" height=\"300\" \/><\/strong><\/h1>\n<p><strong>Salvador Ernesto Troncoso Curivil. CulebraNegra. (<\/strong>Santiago de Chile, 1975). Poeta. Licenciado y Dise\u00f1ador en Comunicaci\u00f3n Visual, especialista en dise\u00f1o editorial. M\u00e1ster Oficial Interuniversitario en Gesti\u00f3n Cultural por la Universitat de Val\u00e8ncia y la Universitat Polit\u00e8cnica de Val\u00e8ncia. Ha realizado, organizado y colaborado en encuentros de poes\u00eda contempor\u00e1nea en Chile en; Fundaci\u00f3n Salvador Allende, Fundaci\u00f3n Pablo Neruda y Librer\u00eda Proyecci\u00f3n, y colaborado en la organizaci\u00f3n de RECITAL poes\u00eda chilena reciente de Pablo Fern\u00e1ndez Rojas. Durante el 2020 ha organizado las jornadas de Poes\u00eda en la UPV, premio Programa de Actividades Culturales de la Universitat Polit\u00e8cnica de Val\u00e8ncia, que reuni\u00f3 a voces po\u00e9ticas actuales en Valencia, Espa\u00f1a. Poeta participante del IX Vociferio, Festival de poes\u00eda de Valencia, en la jornada Voces con el pueblo chileno. Becario programa de Cooperaci\u00f3n al Desarrollo de la Universitat Polit\u00e8cnica de Val\u00e8ncia MERIDIES 2020, Centro Cultural de Espa\u00f1a en Lima, Per\u00fa. Premio FONDART Beca Chile Crea 2021. Y actualmente participa en el colectivo Alm\u00e1ciga en Val\u00e8ncia, Espa\u00f1a, con quienes ha sido seleccionado para la realizaci\u00f3n del proyecto Bit\u00e1coras Textiles en el centro cultural La Nau de la Universitat de Val\u00e8ncia, premio Activa Cultura 2021 y adjudicado el premio Cultura Resident del Consorcio de Museos de la Comunidad Valenciana.<\/p>\n<p>\u00a0<\/p>\n<h3>Colaboradores<\/h3>\n<h1><strong><img loading=\"lazy\" decoding=\"async\" src=\"https:\/\/revistaextrabismos.com\/wp-content\/uploads\/2021\/07\/Aldo5x5-300x300.jpg\" alt=\"\" width=\"300\" height=\"300\" \/><\/strong><\/h1>\n<p><strong>Aldo Alcota <\/strong>(Santiago, 1976). Artista visual, poeta, periodista y gestor cultural. En Chile, particip\u00f3 en la creaci\u00f3n y edici\u00f3n de la revista surrealista Derrame (1996-2012). Durante su residencia en Valencia, Espa\u00f1a (2007-2017), form\u00f3 parte del movimiento simultane\u00edsta y, posteriormente, fund\u00f3 -junto a los poetas Ximo Rochera, Fran Amador Luna y Sergio Pinto Briones- la publicaci\u00f3n Canibaal (Arte y literatura). Con sus pinturas y dibujos, ha participado de exposiciones individuales y colectivas en Estambul, Nueva York, Londres, Basilea, Lisboa, Burdeos, Barcelona, Valencia, Santiago de Compostela, Buenos Aires y Santiago de Chile. Es autor del libro de poes\u00eda <em>Guayac\u00e1n \/ Virgen Bacon<\/em> (Contrabando, Valencia, 2013).<\/p>\n<h1><strong><img loading=\"lazy\" decoding=\"async\" src=\"https:\/\/revistaextrabismos.com\/wp-content\/uploads\/2021\/07\/Marcelo5x5-300x300.jpg\" alt=\"\" width=\"300\" height=\"300\" \/><\/strong><\/h1>\n<p><strong>Marcelo Nicol\u00e1s Carrasco<\/strong> (Santiago, 1999) Poeta. Es autor de los libros de poes\u00eda <em>Catalepsia <\/em>(Pi\u00e9lago, Santiago, 2015) y <em>Tr\u00f3pico de libra <\/em>(2019). Ha sido antologado en <em>P\u00e1nico y locura en Santiago <\/em>(Santiago Ander, Santiago, 2017) y diversas muestras en internet. Coorganiz\u00f3 el encuentro Poetas 2020 en la Sociedad de Escritores de Chile (2017-2018). Actualmente, es estudiante de Licenciatura en Educaci\u00f3n y Pedagog\u00eda en Castellano en la Universidad Metropolitana de Ciencias de la Educaci\u00f3n (UMCE).<\/p>\n<p>\u00a0<\/p>\n<p><img loading=\"lazy\" decoding=\"async\" class=\"alignleft size-medium wp-image-3648\" src=\"https:\/\/revistaextrabismos.com\/wp-content\/uploads\/2023\/02\/ashle-1-300x200.jpeg\" sizes=\"(max-width: 300px) 100vw, 300px\" srcset=\"https:\/\/revistaextrabismos.com\/wp-content\/uploads\/2023\/02\/ashle-1-300x200.jpeg 300w, https:\/\/revistaextrabismos.com\/wp-content\/uploads\/2023\/02\/ashle-1-1024x683.jpeg 1024w, https:\/\/revistaextrabismos.com\/wp-content\/uploads\/2023\/02\/ashle-1-768x512.jpeg 768w, https:\/\/revistaextrabismos.com\/wp-content\/uploads\/2023\/02\/ashle-1-1536x1024.jpeg 1536w, https:\/\/revistaextrabismos.com\/wp-content\/uploads\/2023\/02\/ashle-1-2048x1365.jpeg 2048w\" alt=\"\" width=\"300\" height=\"200\" \/><\/p>\n<p>\u00a0<\/p>\n<p><strong>Ashle Ozuljevic Subaique<\/strong> Chile, 1986. Ha publicado el libro de cuentos <i>Vidas robadas<\/i> (Chile, 2012); la novela experimental\/diario de viaje <i>Anteojos de sal<\/i> (Chile, 2014); el ensayo <i>El silencio final: representaci\u00f3n y gesto ante la muerte en Diario de muerte<\/i> (Argentina, 2015); y los poemarios<i>\u00a0Tres<\/i>\u00a0(Chile, 2016),\u00a0<i>Bot\u00e1nica<\/i>\u00a0(Espa\u00f1a, 2020) y\u00a0<i>Tres cuartos<\/i> (Espa\u00f1a, 2021). Sus \u00faltimas publicaciones son <i>Cartograf\u00eda<\/i> (Chile, 2022) y la primera edici\u00f3n chilena de <i>Bot\u00e1nica<\/i> (2023). Algunos de sus poemas se han traducido al catal\u00e1n, italiano y alem\u00e1n. Su obra ha sido recogida en antolog\u00edas en Chile, Argentina, Cuba, Estados Unidos y Espa\u00f1a.<\/p>\t\t\t\t\t\t\t\t<\/div>\n\t\t\t\t<\/div>\n\t\t\t\t\t<\/div>\n\t\t<\/div>\n\t\t\t\t\t<\/div>\n\t\t<\/section>\n\t\t\t\t<\/div>\n\t\t","protected":false},"excerpt":{"rendered":"<p>Revista extrabismos se presenta como una plataforma de visibilizaci\u00f3n de las artes contempor\u00e1neas, con el prop\u00f3sito de generar lecturas interdisciplinarias entre distintas pr\u00e1cticas literarias, visuales, audiovisuales, perform\u00e1ticas, entre otras. Asimismo, nuestra revista pretende dialogar y profundizar la reflexi\u00f3n cr\u00edtica que se encuentra en las diferentes expresiones del arte contempor\u00e1neo, as\u00ed como en los procesos de producci\u00f3n, circulaci\u00f3n y recepci\u00f3n de sus obras.<\/p>\n","protected":false},"author":7,"featured_media":2195,"comment_status":"closed","ping_status":"closed","sticky":false,"template":"","format":"standard","meta":{"footnotes":""},"categories":[17],"tags":[],"class_list":["post-1776","post","type-post","status-publish","format-standard","has-post-thumbnail","hentry","category-equipo"],"_links":{"self":[{"href":"https:\/\/revistaextrabismos.com\/index.php\/wp-json\/wp\/v2\/posts\/1776","targetHints":{"allow":["GET"]}}],"collection":[{"href":"https:\/\/revistaextrabismos.com\/index.php\/wp-json\/wp\/v2\/posts"}],"about":[{"href":"https:\/\/revistaextrabismos.com\/index.php\/wp-json\/wp\/v2\/types\/post"}],"author":[{"embeddable":true,"href":"https:\/\/revistaextrabismos.com\/index.php\/wp-json\/wp\/v2\/users\/7"}],"replies":[{"embeddable":true,"href":"https:\/\/revistaextrabismos.com\/index.php\/wp-json\/wp\/v2\/comments?post=1776"}],"version-history":[{"count":245,"href":"https:\/\/revistaextrabismos.com\/index.php\/wp-json\/wp\/v2\/posts\/1776\/revisions"}],"predecessor-version":[{"id":4263,"href":"https:\/\/revistaextrabismos.com\/index.php\/wp-json\/wp\/v2\/posts\/1776\/revisions\/4263"}],"wp:featuredmedia":[{"embeddable":true,"href":"https:\/\/revistaextrabismos.com\/index.php\/wp-json\/wp\/v2\/media\/2195"}],"wp:attachment":[{"href":"https:\/\/revistaextrabismos.com\/index.php\/wp-json\/wp\/v2\/media?parent=1776"}],"wp:term":[{"taxonomy":"category","embeddable":true,"href":"https:\/\/revistaextrabismos.com\/index.php\/wp-json\/wp\/v2\/categories?post=1776"},{"taxonomy":"post_tag","embeddable":true,"href":"https:\/\/revistaextrabismos.com\/index.php\/wp-json\/wp\/v2\/tags?post=1776"}],"curies":[{"name":"wp","href":"https:\/\/api.w.org\/{rel}","templated":true}]}}