{"id":1341,"date":"2021-07-07T16:16:00","date_gmt":"2021-07-07T16:16:00","guid":{"rendered":"http:\/\/revistaestrabismos.com\/?p=1341"},"modified":"2022-07-15T09:54:17","modified_gmt":"2022-07-15T09:54:17","slug":"acusticas-del-ojo-ao","status":"publish","type":"post","link":"https:\/\/revistaextrabismos.com\/index.php\/2021\/07\/07\/acusticas-del-ojo-ao\/","title":{"rendered":"LA ALDEA INSOMNE de Gerardo Quezada Richards"},"content":{"rendered":"\t\t<div data-elementor-type=\"wp-post\" data-elementor-id=\"1341\" class=\"elementor elementor-1341\">\n\t\t\t\t\t\t<section class=\"elementor-section elementor-top-section elementor-element elementor-element-6181af1e elementor-section-boxed elementor-section-height-default elementor-section-height-default\" data-id=\"6181af1e\" data-element_type=\"section\">\n\t\t\t\t\t\t<div class=\"elementor-container elementor-column-gap-default\">\n\t\t\t\t\t<div class=\"elementor-column elementor-col-100 elementor-top-column elementor-element elementor-element-625e5e23\" data-id=\"625e5e23\" data-element_type=\"column\">\n\t\t\t<div class=\"elementor-widget-wrap elementor-element-populated\">\n\t\t\t\t\t\t<div class=\"elementor-element elementor-element-5d090b6a elementor-widget elementor-widget-text-editor\" data-id=\"5d090b6a\" data-element_type=\"widget\" data-widget_type=\"text-editor.default\">\n\t\t\t\t<div class=\"elementor-widget-container\">\n\t\t\t\t\t\t\t\t\t<p><\/span><\/h1>\n<h1 class=\"has-text-align-right\" style=\"font-size: 15px; text-align: right;\"><span style=\"color: #999999;\">Alejandro Jodorowsky\u00a0<\/span><\/h1>\n<p><\/p>\n<\/div>\n<\/div>\n<p><!-- \/wp:group --><!-- wp:paragraph --><\/p>\n<p><!-- \/wp:paragraph --><!-- wp:paragraph {\"dropCap\":true} --><\/p>\n<p>\u00a0<\/p>\n<p class=\"has-drop-cap\">La imaginaci\u00f3n construye memoria y tambi\u00e9n contiene las experiencias m\u00e1gicas y creativas que se nos han hecho presente tanto como obsequio o acontecimiento, en uno u otro momento, en las m\u00e1s variadas circunstancias.\u00a0<\/p>\n<p><!-- \/wp:paragraph --><!-- wp:paragraph --><\/p>\n<p>Les queremos presentar el trabajo del documentalista chileno Gerardo Quezada, el cual est\u00e1 abordado desde la b\u00fasqueda de la poes\u00eda, que se vincula al soporte visual, construyendo una po\u00e9tica que circula y sorprende asaltando la Memoria, adquiriendo expresi\u00f3n de magia y misterio.\u00a0\u00a0<\/p>\n<p><!-- \/wp:paragraph --><!-- wp:paragraph --><\/p>\n<p>El documental <em>La Aldea Insomne,<\/em> son veinti\u00fan minutos de im\u00e1genes que nos acercan a la figura del poeta Sergio Hern\u00e1ndez, al cual Gerardo sacude desde los recuerdos y reminiscencias en tensi\u00f3n cotidiana, tanto con el miedo, con la imposibilidad de dormir del poeta, y por ende de so\u00f1ar.\u00a0<\/p>\n<p><!-- \/wp:paragraph --><!-- wp:paragraph --><\/p>\n<p>Los paisajes que emergen en <em>La Aldea Insomne<\/em> est\u00e1n en constante muerte y nacimiento. El alba y el crep\u00fasculo. Desvelarse y dormir Traer el presente incrustado en el pasado, y nuevamente el presente a un amanecer cualquiera, que a la vez no es cualquier amanecer, sino aquel que cuenta y dibuja la historia del <em>poeta que no puede dormir<\/em>.\u00a0<\/p>\n<p><!-- \/wp:paragraph --><!-- wp:paragraph --><\/p>\n<p>Se me viene a la memoria Marcel Proust y el tema de la imposibilidad de dormir. Del insomnio, que se da en un espacio entre la vida y la muerte, entre la realidad y la ficci\u00f3n, donde la vida y la conclusi\u00f3n de la obra deben alcanzar el sue\u00f1o eterno.\u00a0<\/p>\n<p><!-- \/wp:paragraph --><!-- wp:paragraph --><\/p>\n<p>En <em>La Aldea Insomne<\/em> se expresa este gesto, intervenido por la magia creativa de un relato que construye performatividad. Acci\u00f3n po\u00e9tica, que atrapa al poeta a trav\u00e9s de su c\u00e1mara, qu\u00e9 en un acto digno y logrado de registro de video performance, declara y expone visualmente, que de alguna u otra forma, aun el poeta Sergio Hern\u00e1ndez puede conciliar el sue\u00f1o.\u00a0<\/p>\n<p><!-- \/wp:paragraph --><!-- wp:paragraph --><\/p>\n<p>En este documental Gerardo Quezada le devuelve al poeta Sergio Hern\u00e1ndez la posibilidad de dormir y el poeta nos comparte los aprendizajes que ha adquirido para descansar y sobrellevar la vida.\u00a0<\/p>\n<p><!-- \/wp:paragraph --><!-- wp:paragraph --><!-- \/wp:paragraph --><!-- wp:image {\"id\":1459,\"width\":372,\"height\":248,\"sizeSlug\":\"large\",\"linkDestination\":\"none\"} --><\/p>\n<figure class=\"wp-block-image size-large is-resized\">\n<figcaption><\/figcaption>\n<figcaption><strong><strong><br \/><\/strong><\/strong>\n<p>\u00a0<\/p>\n<div id='gallery-1' class='gallery galleryid-1341 gallery-columns-1 gallery-size-full'><figure class='gallery-item'>\n\t\t\t<div class='gallery-icon portrait'>\n\t\t\t\t<a href='https:\/\/revistaextrabismos.com\/fotoaldeainsomnealta\/'><img fetchpriority=\"high\" decoding=\"async\" width=\"1828\" height=\"2560\" src=\"https:\/\/revistaextrabismos.com\/wp-content\/uploads\/2021\/07\/FOTOALDEAINSOMNEALTA-scaled.jpg\" class=\"attachment-full size-full\" alt=\"\" aria-describedby=\"gallery-1-1767\" srcset=\"https:\/\/revistaextrabismos.com\/wp-content\/uploads\/2021\/07\/FOTOALDEAINSOMNEALTA-scaled.jpg 1828w, https:\/\/revistaextrabismos.com\/wp-content\/uploads\/2021\/07\/FOTOALDEAINSOMNEALTA-214x300.jpg 214w, https:\/\/revistaextrabismos.com\/wp-content\/uploads\/2021\/07\/FOTOALDEAINSOMNEALTA-731x1024.jpg 731w, https:\/\/revistaextrabismos.com\/wp-content\/uploads\/2021\/07\/FOTOALDEAINSOMNEALTA-768x1076.jpg 768w\" sizes=\"(max-width: 1828px) 100vw, 1828px\" \/><\/a>\n\t\t\t<\/div>\n\t\t\t\t<figcaption class='wp-caption-text gallery-caption' id='gallery-1-1767'>\n\t\t\t\tImagen proporcionada por el autor\n\t\t\t\t<\/figcaption><\/figure>\n\t\t<\/div>\n\n<\/figcaption>\n<figcaption><strong>\u00a0Ver documental <em>La aldea insomne:<\/em><\/strong><\/figcaption>\n<\/figure>\n<div>\n<div style=\"width: 640px;\" class=\"wp-video\"><!--[if lt IE 9]><script>document.createElement('video');<\/script><![endif]-->\n<video class=\"wp-video-shortcode\" id=\"video-1341-1\" width=\"640\" height=\"360\" preload=\"metadata\" controls=\"controls\"><source type=\"video\/mp4\" src=\"http:\/\/revistaestrabismos.com\/wp-content\/uploads\/2021\/07\/la-aldea-insomne-documental.mp4?_=1\" \/><a href=\"http:\/\/revistaestrabismos.com\/wp-content\/uploads\/2021\/07\/la-aldea-insomne-documental.mp4\">http:\/\/revistaestrabismos.com\/wp-content\/uploads\/2021\/07\/la-aldea-insomne-documental.mp4<\/a><\/video><\/div>\n<p>\u00a0<\/p>\n<\/div>\n<div>\u00a0<\/div>\n<div><img decoding=\"async\" class=\"alignnone size-medium wp-image-1459\" src=\"http:\/\/revistaestrabismos.com\/wp-content\/uploads\/2021\/05\/173074_1830805567733_5163300_o-300x200.jpg\" alt=\"\" width=\"300\" height=\"200\" srcset=\"https:\/\/revistaextrabismos.com\/wp-content\/uploads\/2021\/05\/173074_1830805567733_5163300_o-300x200.jpg 300w, https:\/\/revistaextrabismos.com\/wp-content\/uploads\/2021\/05\/173074_1830805567733_5163300_o-1024x683.jpg 1024w, https:\/\/revistaextrabismos.com\/wp-content\/uploads\/2021\/05\/173074_1830805567733_5163300_o-768x512.jpg 768w, https:\/\/revistaextrabismos.com\/wp-content\/uploads\/2021\/05\/173074_1830805567733_5163300_o-1536x1024.jpg 1536w, https:\/\/revistaextrabismos.com\/wp-content\/uploads\/2021\/05\/173074_1830805567733_5163300_o.jpg 2048w\" sizes=\"(max-width: 300px) 100vw, 300px\" \/><\/div>\n<div>\u00a0<\/div>\n<div><span style=\"color: #808080;\"><strong>Gerardo Quezada:<\/strong> Cineasta, Soci\u00f3logo, escritor-editor y fot\u00f3grafo, con estudios de Mag\u00edster en literatura Hispanoamericana Contempor\u00e1nea y Mag\u00edster en cine Documental. Ha desarrollado proyectos principalmente en el g\u00e9nero documental, pel\u00edculas, cortometrajes y series documentales para televisi\u00f3n cultural (UCV y ARTV, programas de arte y cultura). Adem\u00e1s, paralelamente trabaja en proyectos de investigaci\u00f3n, literatura, escritura, cine y producci\u00f3n fotogr\u00e1fica.<\/span><\/div>\n<p style=\"text-align: left;\">\u00a0<\/p>\n<p><!-- \/wp:embed --><\/p>\t\t\t\t\t\t\t\t<\/div>\n\t\t\t\t<\/div>\n\t\t\t\t\t<\/div>\n\t\t<\/div>\n\t\t\t\t\t<\/div>\n\t\t<\/section>\n\t\t\t\t<\/div>\n\t\t","protected":false},"excerpt":{"rendered":"<p>Dirigido por el cineasta y escritor Gerardo Quezada, el documental La Aldea Insomne nos sumerge en la imaginaci\u00f3n y las palabras del poeta Sergio Hern\u00e1ndez, entreg\u00e1ndonos en este relato visual, la magia creativa que fluye en su vida cotidiana.<\/p>\n","protected":false},"author":6,"featured_media":1447,"comment_status":"closed","ping_status":"open","sticky":false,"template":"elementor_theme","format":"standard","meta":{"footnotes":""},"categories":[8],"tags":[],"class_list":["post-1341","post","type-post","status-publish","format-standard","has-post-thumbnail","hentry","category-acusticas-del-ojo-m"],"_links":{"self":[{"href":"https:\/\/revistaextrabismos.com\/index.php\/wp-json\/wp\/v2\/posts\/1341","targetHints":{"allow":["GET"]}}],"collection":[{"href":"https:\/\/revistaextrabismos.com\/index.php\/wp-json\/wp\/v2\/posts"}],"about":[{"href":"https:\/\/revistaextrabismos.com\/index.php\/wp-json\/wp\/v2\/types\/post"}],"author":[{"embeddable":true,"href":"https:\/\/revistaextrabismos.com\/index.php\/wp-json\/wp\/v2\/users\/6"}],"replies":[{"embeddable":true,"href":"https:\/\/revistaextrabismos.com\/index.php\/wp-json\/wp\/v2\/comments?post=1341"}],"version-history":[{"count":127,"href":"https:\/\/revistaextrabismos.com\/index.php\/wp-json\/wp\/v2\/posts\/1341\/revisions"}],"predecessor-version":[{"id":4264,"href":"https:\/\/revistaextrabismos.com\/index.php\/wp-json\/wp\/v2\/posts\/1341\/revisions\/4264"}],"wp:featuredmedia":[{"embeddable":true,"href":"https:\/\/revistaextrabismos.com\/index.php\/wp-json\/wp\/v2\/media\/1447"}],"wp:attachment":[{"href":"https:\/\/revistaextrabismos.com\/index.php\/wp-json\/wp\/v2\/media?parent=1341"}],"wp:term":[{"taxonomy":"category","embeddable":true,"href":"https:\/\/revistaextrabismos.com\/index.php\/wp-json\/wp\/v2\/categories?post=1341"},{"taxonomy":"post_tag","embeddable":true,"href":"https:\/\/revistaextrabismos.com\/index.php\/wp-json\/wp\/v2\/tags?post=1341"}],"curies":[{"name":"wp","href":"https:\/\/api.w.org\/{rel}","templated":true}]}}